{"id":3486,"date":"2017-12-13T11:30:56","date_gmt":"2017-12-13T10:30:56","guid":{"rendered":"https:\/\/thedignifiedself.com\/de\/?p=3486"},"modified":"2019-08-11T21:19:22","modified_gmt":"2019-08-11T19:19:22","slug":"transzendentale-meditation-und-ihre-effekte-interview-mit-gottfried-vollmer","status":"publish","type":"post","link":"https:\/\/thedignifiedself.com\/de\/transzendentale-meditation-und-ihre-effekte-interview-mit-gottfried-vollmer\/","title":{"rendered":"Transzendentale Meditation und ihre Effekte [Interview mit Gottfried Vollmer]"},"content":{"rendered":"<h3 class=\"p1\">Was haben Oprah, Cameron Diaz, Jim Carrey, Clint Eastwood und David Lynch gemeinsam? &#8211; Sie teilen die\u00a0Leidenschaft f\u00fcr\u00a0Transzendentale Meditation (TM).\u00a0<\/h3>\n<figure id=\"attachment_3499\" aria-describedby=\"caption-attachment-3499\" style=\"width: 300px\" class=\"wp-caption alignleft\"><a href=\"https:\/\/thedignifiedself.com\/content\/uploads\/sites\/2\/2016\/12\/Bildschirmfoto-2016-12-11-um-23.21.46.png\"><img loading=\"lazy\" decoding=\"async\" class=\"size-medium wp-image-3499\" src=\"https:\/\/thedignifiedself.com\/content\/uploads\/sites\/2\/2016\/12\/Bildschirmfoto-2016-12-11-um-23.21.46-300x188.png\" alt=\"Stars die TM praktizieren, Quelle: YouTube\" width=\"300\" height=\"188\" srcset=\"https:\/\/thedignifiedself.com\/content\/uploads\/sites\/2\/2016\/12\/Bildschirmfoto-2016-12-11-um-23.21.46-300x188.png 300w, https:\/\/thedignifiedself.com\/content\/uploads\/sites\/2\/2016\/12\/Bildschirmfoto-2016-12-11-um-23.21.46-768x482.png 768w, https:\/\/thedignifiedself.com\/content\/uploads\/sites\/2\/2016\/12\/Bildschirmfoto-2016-12-11-um-23.21.46-80x50.png 80w, https:\/\/thedignifiedself.com\/content\/uploads\/sites\/2\/2016\/12\/Bildschirmfoto-2016-12-11-um-23.21.46-350x220.png 350w, https:\/\/thedignifiedself.com\/content\/uploads\/sites\/2\/2016\/12\/Bildschirmfoto-2016-12-11-um-23.21.46-700x440.png 700w, https:\/\/thedignifiedself.com\/content\/uploads\/sites\/2\/2016\/12\/Bildschirmfoto-2016-12-11-um-23.21.46.png 839w\" sizes=\"auto, (max-width: 300px) 100vw, 300px\" \/><\/a><figcaption id=\"caption-attachment-3499\" class=\"wp-caption-text\">Stars die TM praktizieren, Quelle: YouTube<\/figcaption><\/figure>\n<p class=\"p1\">TM ist eine Meditationsform, die wohl zu den\u00a0beliebtesten in Hollywood geh\u00f6rt. Warum? Vermutlich weil sie so einfach und auch in einen sehr hektischen Alltag integrierbar ist. Zudem hat es sich Filmemacher <a href=\"http:\/\/meditation.de\/david-lynch\/\">David Lynch<\/a> zur Aufgabe gemacht mit seiner <a href=\"http:\/\/www.davidlynchfoundation.org\/\">David Lynch Foundation (DLF) <\/a>die Transzendentale Meditation und St\u00e4rkung des Bewusstseins in die Welt der Stars und Sternchen zu tragen. Eine wunderbare Initiative, die auf viel Zuspruch st\u00f6\u00dft. Viele <a href=\"http:\/\/meditation.de\/clint-eastwood\/\">Videos bei YouTube<\/a> geben weitere Hintergrundinformationen dazu. Hier auch ein\u00a0<\/p>\n<figure id=\"attachment_3497\" aria-describedby=\"caption-attachment-3497\" style=\"width: 300px\" class=\"wp-caption alignright\"><a href=\"https:\/\/thedignifiedself.com\/content\/uploads\/sites\/2\/2016\/12\/thumb_IMG_0659_1024.jpg\"><img loading=\"lazy\" decoding=\"async\" class=\"size-medium wp-image-3497\" src=\"https:\/\/thedignifiedself.com\/content\/uploads\/sites\/2\/2016\/12\/thumb_IMG_0659_1024-300x185.jpg\" alt=\"Lehrinstitut f\u00fcr Transzendentale Meditation in Berlin-Mitte\" width=\"300\" height=\"185\" srcset=\"https:\/\/thedignifiedself.com\/content\/uploads\/sites\/2\/2016\/12\/thumb_IMG_0659_1024-300x185.jpg 300w, https:\/\/thedignifiedself.com\/content\/uploads\/sites\/2\/2016\/12\/thumb_IMG_0659_1024-768x475.jpg 768w, https:\/\/thedignifiedself.com\/content\/uploads\/sites\/2\/2016\/12\/thumb_IMG_0659_1024-1024x633.jpg 1024w, https:\/\/thedignifiedself.com\/content\/uploads\/sites\/2\/2016\/12\/thumb_IMG_0659_1024-920x568.jpg 920w, https:\/\/thedignifiedself.com\/content\/uploads\/sites\/2\/2016\/12\/thumb_IMG_0659_1024-81x50.jpg 81w, https:\/\/thedignifiedself.com\/content\/uploads\/sites\/2\/2016\/12\/thumb_IMG_0659_1024-350x216.jpg 350w, https:\/\/thedignifiedself.com\/content\/uploads\/sites\/2\/2016\/12\/thumb_IMG_0659_1024-475x293.jpg 475w, https:\/\/thedignifiedself.com\/content\/uploads\/sites\/2\/2016\/12\/thumb_IMG_0659_1024-980x600.jpg 980w, https:\/\/thedignifiedself.com\/content\/uploads\/sites\/2\/2016\/12\/thumb_IMG_0659_1024-700x433.jpg 700w, https:\/\/thedignifiedself.com\/content\/uploads\/sites\/2\/2016\/12\/thumb_IMG_0659_1024.jpg 1128w\" sizes=\"auto, (max-width: 300px) 100vw, 300px\" \/><\/a><figcaption id=\"caption-attachment-3497\" class=\"wp-caption-text\">Lehrinstitut f\u00fcr Transzendentale Meditation in Berlin-Mitte<\/figcaption><\/figure>\n<p class=\"p1\"><a href=\"https:\/\/www.youtube.com\/watch?v=cK6uh-lgu0w&amp;index=16&amp;list=PLGHiSzrdy5x6-tv8t5W7fxoa-O1zmv2bk&amp;t=6s\">\u00dcberblick \u00fcber die Prominenten<\/a>, die TM praktizieren. \u00a0<\/p>\n<p> Immer wieder h\u00f6rte ich von TM und wurde sehr neugierig. So habe ich irgendwann das\u00a0Lehrinstitut f\u00fcr <a href=\"http:\/\/meditation.de\/\">Transzendentale Meditation in Berlin<\/a> aufgesucht.<\/p>\n<p class=\"p1\">Obgleich ich schon viele Meditationsformen ausprobiert hatte, so ist TM\u00a0die tiefste Form, die ich bisher kennenlernen durfte. Sie ist zu einem t\u00e4glichen Werkzeug in meinem Leben geworden, um meinen K\u00f6rper und mich selbst zu st\u00e4rken und neue\u00a0Kreativit\u00e4t zu entfalten. Denn wie es\u00a0Schauspieler und Meditationslehrer <a href=\"http:\/\/gottfriedvollmer.de\/\">Gottfried Vollmer<\/a> so sch\u00f6n sagt:\u00a0<\/p>\n<blockquote>\n<p class=\"p1\"><strong>&#8222;Meditation ist weit mehr als\u00a0nur eine Reparaturwerkstatt wenn wir gestresst sind. Es geht um die grunds\u00e4tzliche\u00a0Erweiterung unseres Bewusstseins und unserer F\u00e4higkeiten.&#8220; &#8211; Gottfried Vollmer\u00a0<\/strong><\/p>\n<\/blockquote>\n<figure id=\"attachment_3496\" aria-describedby=\"caption-attachment-3496\" style=\"width: 248px\" class=\"wp-caption alignleft\"><a href=\"https:\/\/thedignifiedself.com\/content\/uploads\/sites\/2\/2016\/12\/thumb_IMG_0444_1024.jpg\"><img loading=\"lazy\" decoding=\"async\" class=\"wp-image-3496 size-medium\" src=\"https:\/\/thedignifiedself.com\/content\/uploads\/sites\/2\/2016\/12\/thumb_IMG_0444_1024-248x300.jpg\" alt=\"Gottfried Vollmer &amp; Lilian G\u00fcntsche im Gespr\u00e4ch\" width=\"248\" height=\"300\" srcset=\"https:\/\/thedignifiedself.com\/content\/uploads\/sites\/2\/2016\/12\/thumb_IMG_0444_1024-248x300.jpg 248w, https:\/\/thedignifiedself.com\/content\/uploads\/sites\/2\/2016\/12\/thumb_IMG_0444_1024-768x928.jpg 768w, https:\/\/thedignifiedself.com\/content\/uploads\/sites\/2\/2016\/12\/thumb_IMG_0444_1024.jpg 847w, https:\/\/thedignifiedself.com\/content\/uploads\/sites\/2\/2016\/12\/thumb_IMG_0444_1024-41x50.jpg 41w, https:\/\/thedignifiedself.com\/content\/uploads\/sites\/2\/2016\/12\/thumb_IMG_0444_1024-350x423.jpg 350w, https:\/\/thedignifiedself.com\/content\/uploads\/sites\/2\/2016\/12\/thumb_IMG_0444_1024-700x846.jpg 700w\" sizes=\"auto, (max-width: 248px) 100vw, 248px\" \/><\/a><figcaption id=\"caption-attachment-3496\" class=\"wp-caption-text\">Gottfried Vollmer &amp; Lilian G\u00fcntsche im Gespr\u00e4ch zum Thema Achtsamkeit<\/figcaption><\/figure>\n<p class=\"p1\">Ich habe bei Gottfried Vollmer meine Einf\u00fchrung in die TM gemacht\u00a0und es war eine tolle Erfahrung &#8211; gerade bei einem vielseitigen Lehrer wie\u00a0<span class=\"s1\"><a href=\"http:\/\/gottfriedvollmer.de\/\">Gottfried Vollmer<\/a>. Er\u00a0ist Schauspieler und seit 1979 auf der B\u00fchne und in bisher \u00fcber 70 Film- und TV Produktionen t\u00e4tig (hier sein <a href=\"https:\/\/video.filmmakers.de\/gottfried-vollmer\">Showreel<\/a>).\u00a0Gottfried<\/span><span class=\"s1\">\u00a0ist au\u00dferdem seit 40 Jahren Lehrer der <a href=\"https:\/\/de.wikipedia.org\/wiki\/Transzendentale_Meditation\">Transzendentalen Meditation<\/a> und sowohl in internationalen Projekten als auch im eigenem <a href=\"http:\/\/meditation.de\/\">Lehrinstitut in Berlin<\/a> t\u00e4tig.\u00a0<\/span><\/p>\n<p class=\"p1\">Meditation ist eine Achtsamkeitspraxis, die besonders gro\u00dfe Wirkung zeigt, wenn sie regelm\u00e4\u00dfig betrieben wird.<\/p>\n<p class=\"p1\">Viele <a href=\"http:\/\/meditation.de\/stress-wie-es-geht\/\">positive Effekte f\u00fcr K\u00f6rper, Geist und Seele sind die positive Folge<\/a>. Wie z.B. mehr Kreativit\u00e4t, h\u00f6here Stressresistenz, eine bessere Gesundheit und die &#8222;Aktivierung ungenutzter Gehirnreserven&#8220; (Human Physiology 25: 171-180, 1999).\u00a0<\/p>\n<p>In nachfolgendem Video-Interview mit Gottfried habe ich mit ihm \u00fcber die TM (Transzendentale Meditation) gesprochen sowie \u00fcber die Verbindung zwischen Meditation und Achtsamkeit. Ich freue mich sehr das Interview, welches ca. 25 min umfasst, mit Euch teilen zu k\u00f6nnen und w\u00fcnsche Euch ganz viel Freude dabei!\u00a0<\/p>\n<p class=\"p1\">Ihr lernt\u00a0im Video auch eine praktische \u00dcbung kennen, in der uns Gottfried die Atemtechnik &#8222;<a href=\"https:\/\/www.yoga-vidya.de\/prana\/pranayama\/\">Pranayama<\/a>&#8220; als kleine Einstiegs\u00fcbung zeigt. Also am besten jetzt sofort\u00a0reinschauen. \u00a0Sofortige Entspannung garantiert! :)<\/p>\n<h3>Interview mit\u00a0Gottfried Vollmer &#8222;Transzendentale Meditation und ihre Effekte&#8220; im TM-Lehrinstitut in Berlin\u00a0<\/h3>\n<p><div class=\"video-container\"><iframe loading=\"lazy\" title=\"Transzendentale Meditation &amp; ihre Effekte - Interview mit Gottfried Vollmer\" width=\"640\" height=\"360\" src=\"https:\/\/www.youtube.com\/embed\/CpZoEhK1cis?feature=oembed\" frameborder=\"0\" allow=\"accelerometer; autoplay; clipboard-write; encrypted-media; gyroscope; picture-in-picture; web-share\" referrerpolicy=\"strict-origin-when-cross-origin\" allowfullscreen><\/iframe><\/div>\n<\/p>\n<h3 class=\"p1\">Nachfolgende Fragen werden in unserem Video-Interview besprochen:\u00a0<\/h3>\n<ul>\n<li class=\"p1\">\n<p><span class=\"s1\">Wie kamst Du zur Meditation? Gab es einen Schl\u00fcsselmoment?<\/span><\/p>\n<\/li>\n<li class=\"p1\">\n<p><span class=\"s1\">Warum ist Meditation wichtig? Welche positiven Effekte kann man erwarten?<\/span><\/p>\n<\/li>\n<li class=\"p1\">\n<p><span class=\"s1\">Was ist Transzendentale Meditation? Was zeichnet TM aus? <\/span><\/p>\n<\/li>\n<li class=\"p1\">\n<p><span class=\"s1\">Wie schaffst Du es Skeptiker zu \u00fcberzeugen sich dem Thema der Meditation zu \u00f6ffnen? <\/span><\/p>\n<\/li>\n<li class=\"p1\">\n<p><span class=\"s1\">&#8222;Im Flow sein&#8220; &#8211; \u00dcber die Ebene der Kreatitiv\u00e4t<span class=\"Apple-converted-space\">\u00a0<\/span>und den Zusammenhang mit Meditation und Achtsamkeit<\/span><\/p>\n<\/li>\n<li class=\"p1\">\n<p><span class=\"s1\">Der Schauspieler geht nach au\u00dfen, die<span class=\"Apple-converted-space\">\u00a0 <\/span>Meditation f\u00fchrt nach innen. Im Idealfall schaffst Du eine Verbindung dieser Welten.<\/span><\/p>\n<\/li>\n<li class=\"p1\">\n<p><span class=\"s1\">Wie kann man die positiven Effekte der Meditation anwenden? <\/span><\/p>\n<\/li>\n<li class=\"p1\">\n<p><span class=\"s1\">Wie h\u00e4ngen die Begriffe Achtsamkeit und Meditation zusammen?<\/span><\/p>\n<p><figure id=\"attachment_3525\" aria-describedby=\"caption-attachment-3525\" style=\"width: 300px\" class=\"wp-caption alignright\"><a href=\"https:\/\/thedignifiedself.com\/content\/uploads\/sites\/2\/2016\/12\/Bildschirmfoto-2016-12-12-um-02.48.53.png\"><img loading=\"lazy\" decoding=\"async\" class=\"size-medium wp-image-3525\" src=\"https:\/\/thedignifiedself.com\/content\/uploads\/sites\/2\/2016\/12\/Bildschirmfoto-2016-12-12-um-02.48.53-300x159.png\" alt=\"Atem\u00fcbung Pranayama - Ausschnitt aus dem Interview\" width=\"300\" height=\"159\" srcset=\"https:\/\/thedignifiedself.com\/content\/uploads\/sites\/2\/2016\/12\/Bildschirmfoto-2016-12-12-um-02.48.53-300x159.png 300w, https:\/\/thedignifiedself.com\/content\/uploads\/sites\/2\/2016\/12\/Bildschirmfoto-2016-12-12-um-02.48.53-768x408.png 768w, https:\/\/thedignifiedself.com\/content\/uploads\/sites\/2\/2016\/12\/Bildschirmfoto-2016-12-12-um-02.48.53-94x50.png 94w, https:\/\/thedignifiedself.com\/content\/uploads\/sites\/2\/2016\/12\/Bildschirmfoto-2016-12-12-um-02.48.53-350x186.png 350w, https:\/\/thedignifiedself.com\/content\/uploads\/sites\/2\/2016\/12\/Bildschirmfoto-2016-12-12-um-02.48.53-700x372.png 700w, https:\/\/thedignifiedself.com\/content\/uploads\/sites\/2\/2016\/12\/Bildschirmfoto-2016-12-12-um-02.48.53.png 826w\" sizes=\"auto, (max-width: 300px) 100vw, 300px\" \/><\/a><figcaption id=\"caption-attachment-3525\" class=\"wp-caption-text\">Atem\u00fcbung Pranayama &#8211; Ausschnitt aus dem Interview<\/figcaption><\/figure><\/li>\n<li class=\"p1\">\n<p><span class=\"s1\">Gibt es viele die TM intensiver und einfacher finden? Gerade Menschen mit Vorerfahrung in der Meditation? <\/span><\/p>\n<\/li>\n<li class=\"p1\">\n<p><span class=\"s1\">In der TM bekommt man ein individuelles Mantra f\u00fcr die Meditation. Welche Bedeutung hat es?<\/span><\/p>\n<\/li>\n<li class=\"p1\">\n<p><span class=\"s1\">Hast Du Einsteiger-Tipps f\u00fcr Menschen ohne Meditationserfahrung?<\/span><\/p>\n<\/li>\n<li class=\"p1\">\n<p><span class=\"s1\">Was motiviert Dich THE DIGNIFIED SELF &#8211; eine Initiative f\u00fcr Achtsamkeit in der digitalen Zeit &#8211; zu unterst\u00fctzen? <\/span><\/p>\n<\/li>\n<li class=\"p1\">\n<p><span class=\"s1\">Was h\u00e4ltst Du von der Wortsch\u00f6pfung\u00a0<\/span><span class=\"s1\"> &#8222;THE DIGNIFIED SELF&#8220;?<\/span><\/p>\n<\/li>\n<\/ul>\n<p><strong>\u00dcber Gottfried Vollmer<\/strong><\/p>\n<p class=\"p1\"><span class=\"s1\"><img loading=\"lazy\" decoding=\"async\" class=\"alignleft\" src=\"http:\/\/gottfriedvollmer.de\/wp-content\/uploads\/2016\/03\/Logo.png\" width=\"419\" height=\"191\" \/>Gottfried Vollmer ist Schauspieler und seit 1979 auf der B\u00fchne <br \/>\n und in bisher \u00fcber 70 Film- und TV Produktionen t\u00e4tig.\u00a0<\/span><\/p>\n<p class=\"p1\"><span class=\"s1\">Nach intensivem Studium der amerikanischen Meisner Methode hat er den Nutzen dieser Schauspieltechnik auf den Business Kontext \u00fcbertragen\u00a0<\/span><span class=\"s1\">und einen eigenen Methodenansatz f\u00fcr F\u00fchrungskr\u00e4fte entwickelt. <\/span><\/p>\n<p class=\"p1\"><span class=\"s1\">Er ist au\u00dferdem seit 40 Jahren <a href=\"http:\/\/meditation.de\/\">Lehrer der Transzendentalen Meditation<\/a> und sowohl in internationalen Projekten als auch im eigenem <a href=\"http:\/\/meditation.de\/\">Lehrinstitut<\/a> in Berlin t\u00e4tig.\u00a0Weitere Informationen<\/span>\u00a0unter <a href=\"http:\/\/gottfriedvollmer.de\/\">gottfriedvollmer.de\u00a0<\/a>\u00a0<\/p>\n<p class=\"p1\">Mehr zur Transzendentalen Meditation unter:\u00a0<a href=\"http:\/\/meditation.de\/\">http:\/\/meditation.de\/<\/a>\u00a0<\/p>\n","protected":false},"excerpt":{"rendered":"<p>Was haben Oprah, Cameron Diaz, Jim Carrey, Clint Eastwood und David Lynch gemeinsam? &#8211; Sie teilen die\u00a0Leidenschaft f\u00fcr\u00a0Transzendentale Meditation (TM).\u00a0 TM ist eine Meditationsform, die wohl zu den\u00a0beliebtesten in Hollywood geh\u00f6rt. Warum? Vermutlich weil sie so einfach und auch in einen sehr hektischen Alltag integrierbar ist. Zudem hat es sich Filmemacher David Lynch zur Aufgabe [&#8230;]<\/p>\n<p><a class=\"btn btn-sm btn-ghost btn-orange understrap-read-more-link\" href=\"https:\/\/thedignifiedself.com\/de\/transzendentale-meditation-und-ihre-effekte-interview-mit-gottfried-vollmer\/\">Weiterlesen<\/a><\/p>\n","protected":false},"author":2,"featured_media":3500,"comment_status":"closed","ping_status":"open","sticky":false,"template":"","format":"standard","meta":{"_acf_changed":false,"footnotes":""},"categories":[19],"tags":[188,156,51,187,189],"class_list":["post-3486","post","type-post","status-publish","format-standard","has-post-thumbnail","hentry","category-achtsam-leben","tag-flow","tag-interview","tag-meditation","tag-tm","tag-transzendentale-meditation"],"acf":[],"aioseo_notices":[],"_links":{"self":[{"href":"https:\/\/thedignifiedself.com\/de\/wp-json\/wp\/v2\/posts\/3486","targetHints":{"allow":["GET"]}}],"collection":[{"href":"https:\/\/thedignifiedself.com\/de\/wp-json\/wp\/v2\/posts"}],"about":[{"href":"https:\/\/thedignifiedself.com\/de\/wp-json\/wp\/v2\/types\/post"}],"author":[{"embeddable":true,"href":"https:\/\/thedignifiedself.com\/de\/wp-json\/wp\/v2\/users\/2"}],"replies":[{"embeddable":true,"href":"https:\/\/thedignifiedself.com\/de\/wp-json\/wp\/v2\/comments?post=3486"}],"version-history":[{"count":35,"href":"https:\/\/thedignifiedself.com\/de\/wp-json\/wp\/v2\/posts\/3486\/revisions"}],"predecessor-version":[{"id":3523,"href":"https:\/\/thedignifiedself.com\/de\/wp-json\/wp\/v2\/posts\/3486\/revisions\/3523"}],"wp:featuredmedia":[{"embeddable":true,"href":"https:\/\/thedignifiedself.com\/de\/wp-json\/wp\/v2\/media\/3500"}],"wp:attachment":[{"href":"https:\/\/thedignifiedself.com\/de\/wp-json\/wp\/v2\/media?parent=3486"}],"wp:term":[{"taxonomy":"category","embeddable":true,"href":"https:\/\/thedignifiedself.com\/de\/wp-json\/wp\/v2\/categories?post=3486"},{"taxonomy":"post_tag","embeddable":true,"href":"https:\/\/thedignifiedself.com\/de\/wp-json\/wp\/v2\/tags?post=3486"}],"curies":[{"name":"wp","href":"https:\/\/api.w.org\/{rel}","templated":true}]}}