{"id":3224,"date":"2016-06-17T15:22:41","date_gmt":"2016-06-17T13:22:41","guid":{"rendered":"https:\/\/thedignifiedself.com\/de\/?p=3224"},"modified":"2019-08-11T20:57:24","modified_gmt":"2019-08-11T18:57:24","slug":"von-always-on-zu-always-omm-achtsamkeit-session-fuer-mad-minds","status":"publish","type":"post","link":"https:\/\/thedignifiedself.com\/de\/von-always-on-zu-always-omm-achtsamkeit-session-fuer-mad-minds\/","title":{"rendered":"&#8222;Von Always-On zu Always-Omm&#8220; &#8211; Achtsamkeit-Session f\u00fcr &#8218;mad minds&#8216;"},"content":{"rendered":"<figure id=\"attachment_2920\" aria-describedby=\"caption-attachment-2920\" style=\"width: 300px\" class=\"wp-caption alignright\"><a href=\"https:\/\/thedignifiedself.com\/content\/uploads\/2016\/06\/iconect.com_Lilian_MindfulnessSession_London3.jpg\" rel=\"attachment wp-att-2920\"><img loading=\"lazy\" decoding=\"async\" class=\"wp-image-2920 size-medium\" src=\"https:\/\/thedignifiedself.com\/content\/uploads\/2016\/06\/iconect.com_Lilian_MindfulnessSession_London3-300x181.jpg\" alt=\"Lilian G\u00fcntsche (CEO\/Founder The Dignified Self) at RETHINK ITEM Europe 2016, Photo credits: iconect.com \" width=\"300\" height=\"181\" \/><\/a><figcaption id=\"caption-attachment-2920\" class=\"wp-caption-text\">Mindfulness-Session bei der\u00a0Technologiekonferenz\u00a0\u00a0RETHINK! ITEM Europe 2016 von Lilian G\u00fcntsche (Gr\u00fcnderin THE DIGNIFIED SELF),\u00a0Photo credits: iconect.com<\/figcaption><\/figure>\n<p>Bevor ich Euch von unserer\u00a0anstehenden Achtsamkeit-Session in London auf der\u00a0<a href=\"http:\/\/mad-minds.com\/en\/\" target=\"_blank\" rel=\"noopener noreferrer\">MAD MINDS<\/a>\u00a0berichte, m\u00f6chte ich gerne mit ein\u00a0paar Worten zum Hintergrund beginnen und wie es eigentlich\u00a0dazu gekommen ist.\u00a0<\/p>\n<p><em>Stell Dir eine Technologie Konferenz vor, haupts\u00e4chlich besucht von CIOs und mit Themen geschm\u00fcckt wie Cloud Computing, Data Management und\u00a0agile Software-Entwicklung&#8230;<\/em><\/p>\n<p><em>Zwischen all diesen Technologie dominierten Fokusfeldern eine einzige Session ausschlie\u00dflich fokussiert auf den Menschen &#8211; mit dem\u00a0Titel:<\/em><em>\u00a0&#8222;From Selfie to Self: How can we secure a human-first approach in digital transformation and what is the role of mindfulness&#8220;? \u00a0<\/em><\/p>\n<p>Das war das Setting, das uns das letzte Mal vor ein paar Wochen begr\u00fc\u00dfte als ich der\u00a0<a href=\"https:\/\/thedignifiedself.com\/de\/vision-mission\/\" target=\"_blank\" rel=\"noopener noreferrer\">Mission von The Dignified Self<\/a> folgend einen Achtsamkeit-Workshop in London auf der\u00a0<a href=\"http:\/\/rethink-enterprise-it.com\/en\/agenda\/\" target=\"_blank\" rel=\"noopener noreferrer\">RETHINK! ITEM Europe 2016<\/a>\u00a0hielt (siehe\u00a0<a href=\"https:\/\/thedignifiedself.com\/de\/rethink-es-wird-zeit-zu-ueberdenken\/\">blog post<\/a>). Keine ganz einfache Ausgangssituation, aber daher umso spannender herauszufinden wie viel Zuspruch ein Thema wie Achtsamkeit auf einer Technologie Konferenz erhalten w\u00fcrde.<\/p>\n<p>Ich freue mich riesig zu sagen: Die Business-Welt und Technologie-Szene ist bereit f\u00fcr Achtsamkeit!\u00a0Das Interesse an unserem Workshop sowie das Engagement und das Feedback an dem Abend sowie im Nachgang waren \u00fcberw\u00e4ltigend. Ich gebe zu, das RETHINK! Organisationsteam sowie auch ich selbst waren nicht sicher wie es passen w\u00fcrde und wir wurden\u00a0positiv \u00fcberrascht mit der gro\u00dfen Resonanz.\u00a0<\/p>\n<figure id=\"attachment_2922\" aria-describedby=\"caption-attachment-2922\" style=\"width: 300px\" class=\"wp-caption alignleft\"><a href=\"https:\/\/thedignifiedself.com\/content\/uploads\/2016\/06\/iconect.com_Lilian_MindfulnessSession_London2.jpg\" rel=\"attachment wp-att-2922\"><img loading=\"lazy\" decoding=\"async\" class=\"wp-image-2922 size-medium\" src=\"https:\/\/thedignifiedself.com\/content\/uploads\/2016\/06\/iconect.com_Lilian_MindfulnessSession_London2-300x209.jpg\" alt=\"Lilian G\u00fcntsche (CEO\/Founder The Dignified Self) at RETHINK ITEM Europe 2016, Photo credits: iconect.com \" width=\"300\" height=\"209\" \/><\/a><figcaption id=\"caption-attachment-2922\" class=\"wp-caption-text\">Icebreaker Session zum Thema Achtsamkeit\u00a0bei der\u00a0RETHINK ITEM Europe in London von\u00a0Lilian G\u00fcntsche (CEO\/Founder The Dignified Self)\u00a0 <br \/>Photo credits: iconect.com<\/figcaption><\/figure>\n<p>Die\u00a0Session war gr\u00f6\u00dftenteils\u00a0interaktiv. Nachdem ich etwas Hintergrundinformationen zum Thema &#8222;Was ist Achtsamkeit eigentlich und warum ist es insbesondere heute so wichtig?&#8220; gegeben hatte, wurden die Teilnehmer des Workshops mit verschiedenen Achtsamkeit-\u00dcbungen versorgt, die sie individuell f\u00fcr sich erleben und beobachten konnten um sie somit auch als neue Erfahrung in ihren Alltag mitzunehmen und auf t\u00e4gliche Herausforderungen in der schnelllebigen Welt anzuwenden &#8211; sei es im eigenen Arbeitsalltag, im Privatleben oder auch in der Mitarbeiterf\u00fchrung.<\/p>\n<p>Es war wundervoll zu sehen, wie die Teilnehmer &#8211; haupts\u00e4chlich CIOs &#8211; sich \u00f6ffneten, ihre innere Stille fanden, sich engagierten, austauschten und einfach Spa\u00df im &#8222;Jetzt&#8220; hatten. Eine lange und interessante Diskussion zum achtsamen Leben entstand, wie ein &#8222;mindful mindset&#8220; auf den Alltag anzuwenden ist und wie uns Achtsamkeit (im Englischen: Mindfulness) im Zeitalter der Informationen und Ablenkung unterst\u00fctzen kann.<\/p>\n<figure id=\"attachment_2921\" aria-describedby=\"caption-attachment-2921\" style=\"width: 300px\" class=\"wp-caption alignright\"><a href=\"https:\/\/thedignifiedself.com\/content\/uploads\/2016\/06\/iconect.com_Lilian_MindfulnessSession_London.jpg\" rel=\"attachment wp-att-2921\"><img loading=\"lazy\" decoding=\"async\" class=\"size-medium wp-image-2921\" src=\"https:\/\/thedignifiedself.com\/content\/uploads\/2016\/06\/iconect.com_Lilian_MindfulnessSession_London-300x176.jpg\" alt=\"Mindfulness Session by The Dignified Self at RETHINK ITEM Europe 2016 Photo credits: iconect.com \" width=\"300\" height=\"176\" \/><\/a><figcaption id=\"caption-attachment-2921\" class=\"wp-caption-text\">Mindfulness Session by The Dignified Self at RETHINK ITEM Europe 2016<br \/>Photo credits: iconect.com<\/figcaption><\/figure>\n<p>Die offizielle Session sollte ca. eine Stunde gehen, doch wir sa\u00dfen noch viele weitere Stunden bis in die sp\u00e4ten Abendstunden zusammen. Es war toll. Es erf\u00fcllt mich mit tiefer Freude\u00a0zu sehen, wie Achtsamkeit die Menschen erreicht und erf\u00fcllt. Ich bin dankbar daf\u00fcr dabei unterst\u00fctzen zu d\u00fcrfen das Thema insbesondere in Technologiekreisen zu verbreiten.<\/p>\n<p>Aus dieser Passion heraus und der \u00dcberzeugung, dass Achtsamkeit heute ein Must-Have ist,\u00a0habe ich ein <a href=\"http:\/\/www.springer.com\/de\/book\/9783658110895#aboutBook\" target=\"_blank\" rel=\"noopener noreferrer\">Buch<\/a> zum selbigen\u00a0Thema\u00a0geschrieben.\u00a0Es wird\u00a0im Herbst in Deutschland beim Springer Gabler Verlag erscheinen.\u00a0<\/p>\n<h3>Achtsamkeit-Workshop\u00a0f\u00fcr CMOs and digitale Marketing Spezialisten\u00a0in London<\/h3>\n<p>Nun aber\u00a0zu der n\u00e4chsten anstehenden Session am kommenden Sonntag! <br \/>Nach dem so positiv ausgefallenen\u00a0Feedback der letzten Achtsamkeit-Session im Rahmen einer Technologie gepr\u00e4gten Konferenz erhielt ich mit Freude eine erneute Einladung des\u00a0RETHINK! Teams &#8211; dieses Mal f\u00fcr eine\u00a0Konferenz f\u00fcr digitale Marketeers, die\u00a0<a href=\"http:\/\/mad-minds.com\/en\/\" target=\"_blank\" rel=\"noopener noreferrer\">MAD MINDS 2016\u00a0<\/a>in London.\u00a0<\/p>\n<p>Es ist mir eine Ehre neben Sprechern, CMOs und Marketingentscheidern von\u00a0<strong>Google, Unilever, Nestl\u00e9, T-Systems, Siemens und weiteren f\u00fchrenden\u00a0Unternehmen eine Mindfulness-Session als Auftakt zur Konferenz zu halten.\u00a0<\/strong>Da ich selbst eine digitale Marketingfrau bin, freue ich mich besonders auf diesen Teilnehmerkreis und bin sehr gespannt wie das Engagement und Feedback auf das Thema Achtsamkeit dieses Mal ausfallen wird. Der Titel meiner Icebreaker Session im Rahmen der\u00a0<a href=\"http:\/\/mad-minds.com\/en\/agenda\/\" target=\"_blank\" rel=\"noopener noreferrer\">MAD MINDS 2016<\/a>\u00a0f\u00fcr\u00a0<a href=\"https:\/\/thedignifiedself.com\" target=\"_blank\" rel=\"noopener noreferrer\">The Dignified Self<\/a>\u00a0lautet:<\/p>\n<figure id=\"attachment_2915\" aria-describedby=\"caption-attachment-2915\" style=\"width: 300px\" class=\"wp-caption alignleft\"><a href=\"https:\/\/thedignifiedself.com\/content\/uploads\/2016\/06\/ReThink-MadMinds.jpg\" rel=\"attachment wp-att-2915\"><img loading=\"lazy\" decoding=\"async\" class=\"wp-image-2915 size-medium\" src=\"https:\/\/thedignifiedself.com\/content\/uploads\/2016\/06\/ReThink-MadMinds-300x300.jpg\" alt=\"Mindfulness Session by Lilian G\u00fcntsche at MAD MINDS 2016\" width=\"300\" height=\"300\" \/><\/a><figcaption id=\"caption-attachment-2915\" class=\"wp-caption-text\">Achtsamkeit-Session von\u00a0Lilian G\u00fcntsche (CEO\/Founder The Dignified Self) bei der\u00a0MAD MINDS 2016 in London (Digitale Marketing Konferenz)<\/figcaption><\/figure>\n<p class=\"p1\"><em><span class=\"s1\"><b>\u201eFrom &#8222;Always-On&#8220; to &#8222;Always-Omm&#8220;. <br \/>Mindfulness is a must-have in digital transformation and user-centered communication.&#8220; <br \/><\/b><\/span><span class=\"s1\"><b>Learn why many of the most successful leaders practice meditation, connect with your &#8222;Dignified Self\u201c and experience the effects of mindfulness in an interactive evening session in the heart of\u00a0London. \u00a0<\/b><\/span><span class=\"s1\">\u00a0<\/span><\/em><\/p>\n<p>Die Achtsamkeit-Session wird am <strong>19.Juni 2016 um 20 Uhr<\/strong> <strong>im<\/strong>\u00a0<strong>Millenium Hotel in London Mayfair <\/strong>stattfinden<strong>\u00a0<\/strong>(mehr Infos<strong>\u00a0<\/strong><a href=\"http:\/\/mad-minds.com\/en\/agenda\/\" target=\"_blank\" rel=\"noopener noreferrer\">hier<\/a>).<\/p>\n<p><em>Wenn Du also im (digitalen) Marketing arbeitest, an diesem\u00a0Wochenende in London bist\u00a0und etwas \u00fcber\u00a0Achtsamkeit lernen m\u00f6chtest, dann komm unbedingt vorbei!\u00a0Ich hoffe Dir an diesem Abend einen ersten Einblick in ein achtsames Leben\u00a0zu geben und Dir aufzeigen zu k\u00f6nnen, warum &#8222;Always-Omm&#8220; meiner Meinung nach das neue &#8222;Always-On&#8220; ist. :-)\u00a0<\/em><\/p>\n<p>Die Konferenz hat zudem ein tolles Speaker Line-Up. Es lohnt sich in jedem Fall\u00a0auch den Rest der Konferenz zu besuchen.\u00a0Tickets gibt es <a href=\"http:\/\/mad-minds.com\/en\/book-now\" target=\"_blank\" rel=\"noopener noreferrer\">hier<\/a>. Die\u00a0<a href=\"http:\/\/mad-minds.com\/en\/agenda\/\" target=\"_blank\" rel=\"noopener noreferrer\">Agenda<\/a>\u00a0and Pressemeldung zur Konferenz findest Du weiter unten in diesem Blog-Beitrag.<\/p>\n<p>Wenn Du <em>nur<\/em> unsere Icebreaker Session zum Thema\u00a0Achtsamkeit\u00a0besuchen m\u00f6chtest, lass es uns wissen. Wir geben Dein Interesse dann\u00a0an die Organisatoren der <a href=\"http:\/\/mad-minds.com\/en\/\" target=\"_blank\" rel=\"noopener noreferrer\">MAD MINDS\u00a0<\/a>weiter und unterst\u00fctzen gerne dabei\u00a0Dich noch kurzfristig anzumelden.\u00a0<\/p>\n<p>Es w\u00fcrde mich sehr freuen, Dich am Sonntag Abend in London\u00a0zu sehen! <br \/>Bis dahin&#8230;genie\u00df das Wochenende und bleib DIGNIFIED! :)\u00a0<\/p>\n<p>&#8211;<\/p>\n<p>Bei Interesse zu Sessions, Workshops und Vortr\u00e4gen zum Thema Achtsamkeit in digitalen Zeiten von <a href=\"https:\/\/thedignifiedself.com\" target=\"_blank\" rel=\"noopener noreferrer\">THE DIGNIFIED SELF,<\/a> spreche uns gerne an (<a href=\"https:\/\/thedignifiedself.com\/de\/kontakt\/\" target=\"_blank\" rel=\"noopener noreferrer\">Kontakt<\/a>). <\/p>\n<p>Immer auf dem Laufenden bleiben? Jetzt f\u00fcr unseren\u00a0<a href=\"https:\/\/thedignifiedself.com\/de\/dgd_scrollbox\/this-site-is-also-available-in-english\/\" target=\"_blank\" rel=\"noopener noreferrer\">Newsletter<\/a> anmelden.\u00a0<\/p>\n<p>Weitere Informationen zum <a href=\"http:\/\/www.springer.com\/de\/book\/9783658110895#aboutBook\" target=\"_blank\" rel=\"noopener noreferrer\">Buch &#8222;Achtsamkeit in digitalen Zeiten &#8211; ein pers\u00f6nlicher Wegweiser f\u00fcr mehr Ruhe in der Beschleunigung&#8220;<\/a>\u00a0von Lilian G\u00fcntsche.\u00a0<\/p>\n<p>______________________________________<\/p>\n<p><strong>\u00dcber\u00a0MAD MINDS 2016 (Auszug aus der englischen\u00a0Pressemeldung)\u00a0<\/strong><\/p>\n<p class=\"p2\"><a href=\"https:\/\/thedignifiedself.com\/content\/uploads\/2016\/06\/MAD-UK_pos_transp.png\" rel=\"attachment wp-att-2916\"><img loading=\"lazy\" decoding=\"async\" class=\"alignleft size-medium wp-image-2916\" src=\"https:\/\/thedignifiedself.com\/content\/uploads\/2016\/06\/MAD-UK_pos_transp-300x95.png\" alt=\"MAD-UK_pos_transp\" width=\"300\" height=\"95\" \/><\/a>The <b><a href=\"http:\/\/mad-minds.com\/en\/\" target=\"_blank\" rel=\"noopener noreferrer\">Rethink! MAD Minds Europe 2016<\/a> <\/b>conference is an international knowledge and project exchange platform, which will bring together more than 150 CMOs and Marketing decision makers to network and to discuss key industry topics.<\/p>\n<p class=\"p2\">In 20 best-practice case studies, live sessions and round tables, 35+ speakers and moderators will share their knowledge. Key topics include the consequences of the digital transformation and the new role of the CMO, marketing ROI &amp; innovation strategies, brand management and an omni-channel customer experience.<\/p>\n<p class=\"p2\">Here are some of the MAD Minds 2016 speakers who will be presenting their insights this June in London:<\/p>\n<ul>\n<li class=\"p3\"><b>Golden Krishna, <\/b>Experience Designer, <b>Google<\/b><\/li>\n<li class=\"p3\"><b>Monika Schulze<\/b>, Global Head of Marketing, <b>Zurich Insurance Company<\/b><\/li>\n<li class=\"p3\"><b>Mat Braddy, <\/b>Board Brand Advisor, <b>JustEat<\/b><\/li>\n<li class=\"p3\"><b>Andrea Airoldi, <\/b>Global Media Director, <b>Unilever<\/b><\/li>\n<li class=\"p3\"><b>Ottokar Rosenberger<\/b>, CMO, <b>Hostelworld Group<\/b><\/li>\n<li class=\"p3\"><b>Paul Thomas<\/b>, Head Of Marketing, <b>BT Group<\/b><\/li>\n<li class=\"p3\"><b>Filippo Catalano, <\/b>Chief Digital Officer, <b>Nestl\u00e9<\/b><\/li>\n<li class=\"p3\"><b>Sandeep Sangwan, <\/b>Marketing Director Europe &amp; Africa, <b>BP Lubricants<\/b><\/li>\n<\/ul>\n<p class=\"p2\">Why should you attend?<\/p>\n<ul>\n<li class=\"p2\"><b>Network <\/b>with more than 150+ Marketing decision makers and exchange views<\/li>\n<li class=\"p2\"><b>Learn <\/b>about new technologies, new practices and trends, as well as emerging standards<\/li>\n<li class=\"p2\"><b>Hear <\/b>how others cope with some of your most challenging problems<\/li>\n<li class=\"p2\"><b>Discuss <\/b>your ideas and issues with peers from the industry<\/li>\n<li class=\"p2\"><b>Impress <\/b>your boss and colleagues with new ideas to improve performance<\/li>\n<\/ul>\n<p class=\"p2\">Download press release:\u00a0<a href=\"https:\/\/thedignifiedself.com\/content\/uploads\/2016\/06\/MAD-Minds-Europe-2016-Delegate-Press-Release.pdf\" rel=\"\">MAD Minds Europe 2016 Delegate Press Release<\/a>.<\/p>\n<p class=\"p2\">\u00a0<\/p>\n","protected":false},"excerpt":{"rendered":"<p>Bevor ich Euch von unserer\u00a0anstehenden Achtsamkeit-Session in London auf der\u00a0MAD MINDS\u00a0berichte, m\u00f6chte ich gerne mit ein\u00a0paar Worten zum Hintergrund beginnen und wie es eigentlich\u00a0dazu gekommen ist.\u00a0 Stell Dir eine Technologie Konferenz vor, haupts\u00e4chlich besucht von CIOs und mit Themen geschm\u00fcckt wie Cloud Computing, Data Management und\u00a0agile Software-Entwicklung&#8230; Zwischen all diesen Technologie dominierten Fokusfeldern eine einzige [&#8230;]<\/p>\n<p><a class=\"btn btn-sm btn-ghost btn-orange understrap-read-more-link\" href=\"https:\/\/thedignifiedself.com\/de\/von-always-on-zu-always-omm-achtsamkeit-session-fuer-mad-minds\/\">Weiterlesen<\/a><\/p>\n","protected":false},"author":2,"featured_media":3225,"comment_status":"closed","ping_status":"open","sticky":false,"template":"","format":"standard","meta":{"_acf_changed":false,"footnotes":""},"categories":[17,18],"tags":[53,163,132,164],"class_list":["post-3224","post","type-post","status-publish","format-standard","has-post-thumbnail","hentry","category-agil-fuehren","category-digital-achtsam","tag-achtsamkeit","tag-always-omm","tag-always-on","tag-events"],"acf":[],"aioseo_notices":[],"_links":{"self":[{"href":"https:\/\/thedignifiedself.com\/de\/wp-json\/wp\/v2\/posts\/3224","targetHints":{"allow":["GET"]}}],"collection":[{"href":"https:\/\/thedignifiedself.com\/de\/wp-json\/wp\/v2\/posts"}],"about":[{"href":"https:\/\/thedignifiedself.com\/de\/wp-json\/wp\/v2\/types\/post"}],"author":[{"embeddable":true,"href":"https:\/\/thedignifiedself.com\/de\/wp-json\/wp\/v2\/users\/2"}],"replies":[{"embeddable":true,"href":"https:\/\/thedignifiedself.com\/de\/wp-json\/wp\/v2\/comments?post=3224"}],"version-history":[{"count":4,"href":"https:\/\/thedignifiedself.com\/de\/wp-json\/wp\/v2\/posts\/3224\/revisions"}],"predecessor-version":[{"id":15731,"href":"https:\/\/thedignifiedself.com\/de\/wp-json\/wp\/v2\/posts\/3224\/revisions\/15731"}],"wp:featuredmedia":[{"embeddable":true,"href":"https:\/\/thedignifiedself.com\/de\/wp-json\/wp\/v2\/media\/3225"}],"wp:attachment":[{"href":"https:\/\/thedignifiedself.com\/de\/wp-json\/wp\/v2\/media?parent=3224"}],"wp:term":[{"taxonomy":"category","embeddable":true,"href":"https:\/\/thedignifiedself.com\/de\/wp-json\/wp\/v2\/categories?post=3224"},{"taxonomy":"post_tag","embeddable":true,"href":"https:\/\/thedignifiedself.com\/de\/wp-json\/wp\/v2\/tags?post=3224"}],"curies":[{"name":"wp","href":"https:\/\/api.w.org\/{rel}","templated":true}]}}